{"id":36188,"date":"2026-04-02T08:34:10","date_gmt":"2026-04-02T06:34:10","guid":{"rendered":"https:\/\/97irratia.info\/?p=36188"},"modified":"2026-04-02T08:34:11","modified_gmt":"2026-04-02T06:34:11","slug":"recuerdo-a-ross-the-boss-y-visita-de-rober-de-ruta-8","status":"publish","type":"post","link":"https:\/\/97irratia.info\/es\/2026\/04\/02\/recuerdo-a-ross-the-boss-y-visita-de-rober-de-ruta-8\/","title":{"rendered":"Recuerdo a Ross The Boss y visita de Rober de Ruta 8"},"content":{"rendered":"<p class=\"qtranxs-available-languages-message qtranxs-available-languages-message-es\"><span \/> <\/p>\n<p><a href=\"https:\/\/97irratia.info\/wp-content\/uploads\/2026\/03\/rosstheboss_ruta8.jpg\"><img loading=\"lazy\" decoding=\"async\" class=\"size-medium wp-image-36190 aligncenter\" src=\"https:\/\/97irratia.info\/wp-content\/uploads\/2026\/03\/rosstheboss_ruta8-211x300.jpg\" alt=\"\" width=\"211\" height=\"300\" srcset=\"https:\/\/97irratia.info\/wp-content\/uploads\/2026\/03\/rosstheboss_ruta8-211x300.jpg 211w, https:\/\/97irratia.info\/wp-content\/uploads\/2026\/03\/rosstheboss_ruta8-106x150.jpg 106w, https:\/\/97irratia.info\/wp-content\/uploads\/2026\/03\/rosstheboss_ruta8.jpg 704w\" sizes=\"auto, (max-width: 211px) 100vw, 211px\" \/><\/a><\/p>\n<p style=\"text-align: justify\"><span class=\"x193iq5w xeuugli x13faqbe x1vvkbs x1xmvt09 x1lliihq x1s928wv xhkezso x1gmr53x x1cpjm7i x1fgarty x1943h6x xudqn12 x3x7a5m x6prxxf xvq8zen xo1l8bm xzsf02u x1yc453h\" dir=\"auto\">Contamos con Roberto, vocalista de Ruta 8, como invitado especial y colaborador a lo largo de todo el programa. Nos presenta en primicia lo nuevo de su banda. Fran nos ofreci\u00f3 otro nuevo Caf\u00e9 con Fran en un programa en el que rendimos un peque\u00f1o homenaje a Ross The Boss, hacemos cr\u00f3nica de Airbourne en Bilbao y suena lo nuevo de Hunger, Fear Crowd y Xtasy, entre otras cosas.<\/span><\/p>\n<div class=\"sc_fancy_player_container\"><audio class=\"wp-audio-shortcode\" id=\"audio-36188-1\" preload=\"none\" style=\"width: 100%;\" controls=\"controls\"><source type=\"audio\/mpeg\" src=\"https:\/\/archive.org\/download\/260328-lamiradanegra\/260328_lamiradanegra.mp3?_=1\" \/><a href=\"https:\/\/archive.org\/download\/260328-lamiradanegra\/260328_lamiradanegra.mp3\">https:\/\/archive.org\/download\/260328-lamiradanegra\/260328_lamiradanegra.mp3<\/a><\/audio><\/div>\n<p><a href=\"https:\/\/archive.org\/download\/260328-lamiradanegra\/260328_lamiradanegra.mp3\" download=\"true\" target=\"_blank\"><i class=\"fa fa-download\" aria-hidden=\"true\"><\/i> Descargar este podcast<\/a><\/p>\n","protected":false},"excerpt":{"rendered":"<p>Contamos con Roberto, vocalista de Ruta 8, como invitado especial y colaborador a lo largo de todo el programa. Nos presenta en primicia lo nuevo de su banda. Fran nos ofreci\u00f3 otro nuevo Caf\u00e9 con Fran en un programa en el que rendimos un peque\u00f1o homenaje a Ross The Boss, hacemos cr\u00f3nica de Airbourne en&#8230;<\/p>\n","protected":false},"author":1553,"featured_media":0,"comment_status":"open","ping_status":"open","sticky":false,"template":"","format":"standard","meta":{"footnotes":""},"categories":[22],"tags":[],"class_list":["post-36188","post","type-post","status-publish","format-standard","hentry","category-irratsaioak"],"yoast_head":"<!-- This site is optimized with the Yoast SEO plugin v27.4 - https:\/\/yoast.com\/product\/yoast-seo-wordpress\/ -->\n<title>Recuerdo a Ross The Boss y visita de Rober de Ruta 8 - 97 Irratia<\/title>\n<meta name=\"robots\" content=\"index, follow, max-snippet:-1, max-image-preview:large, max-video-preview:-1\" \/>\n<link rel=\"canonical\" href=\"https:\/\/97irratia.info\/2026\/04\/02\/recuerdo-a-ross-the-boss-y-visita-de-rober-de-ruta-8\/\" \/>\n<meta property=\"og:locale\" content=\"es_ES\" \/>\n<meta property=\"og:type\" content=\"article\" \/>\n<meta property=\"og:title\" content=\"Recuerdo a Ross The Boss y visita de Rober de Ruta 8 - 97 Irratia\" \/>\n<meta property=\"og:description\" content=\"Contamos con Roberto, vocalista de Ruta 8, como invitado especial y colaborador a lo largo de todo el programa. Nos presenta en primicia lo nuevo de su banda. Fran nos ofreci\u00f3 otro nuevo Caf\u00e9 con Fran en un programa en el que rendimos un peque\u00f1o homenaje a Ross The Boss, hacemos cr\u00f3nica de Airbourne en...\" \/>\n<meta property=\"og:url\" content=\"https:\/\/97irratia.info\/2026\/04\/02\/recuerdo-a-ross-the-boss-y-visita-de-rober-de-ruta-8\/\" \/>\n<meta property=\"og:site_name\" content=\"97 Irratia\" \/>\n<meta property=\"article:publisher\" content=\"https:\/\/www.facebook.com\/laurogeitahamazazpi.irratia\" \/>\n<meta property=\"article:published_time\" content=\"2026-04-02T06:34:10+00:00\" \/>\n<meta property=\"article:modified_time\" content=\"2026-04-02T06:34:11+00:00\" \/>\n<meta property=\"og:image\" content=\"https:\/\/97irratia.info\/wp-content\/uploads\/2026\/03\/rosstheboss_ruta8.jpg\" \/>\n\t<meta property=\"og:image:width\" content=\"704\" \/>\n\t<meta property=\"og:image:height\" content=\"1000\" \/>\n\t<meta property=\"og:image:type\" content=\"image\/jpeg\" \/>\n<meta name=\"author\" content=\"La mirada negra\" \/>\n<meta name=\"twitter:card\" content=\"summary_large_image\" \/>\n<meta name=\"twitter:label1\" content=\"Escrito por\" \/>\n\t<meta name=\"twitter:data1\" content=\"La mirada negra\" \/>\n\t<meta name=\"twitter:label2\" content=\"Tiempo de lectura\" \/>\n\t<meta name=\"twitter:data2\" content=\"1 minuto\" \/>\n<script type=\"application\/ld+json\" class=\"yoast-schema-graph\">{\"@context\":\"https:\\\/\\\/schema.org\",\"@graph\":[{\"@type\":\"Article\",\"@id\":\"https:\\\/\\\/97irratia.info\\\/2026\\\/04\\\/02\\\/recuerdo-a-ross-the-boss-y-visita-de-rober-de-ruta-8\\\/#article\",\"isPartOf\":{\"@id\":\"https:\\\/\\\/97irratia.info\\\/2026\\\/04\\\/02\\\/recuerdo-a-ross-the-boss-y-visita-de-rober-de-ruta-8\\\/\"},\"author\":{\"name\":\"La mirada negra\",\"@id\":\"https:\\\/\\\/97irratia.info\\\/#\\\/schema\\\/person\\\/2a5d32d9571545c0de28295436e1df03\"},\"headline\":\"Recuerdo a Ross The Boss y visita de Rober de Ruta 8\",\"datePublished\":\"2026-04-02T06:34:10+00:00\",\"dateModified\":\"2026-04-02T06:34:11+00:00\",\"mainEntityOfPage\":{\"@id\":\"https:\\\/\\\/97irratia.info\\\/2026\\\/04\\\/02\\\/recuerdo-a-ross-the-boss-y-visita-de-rober-de-ruta-8\\\/\"},\"wordCount\":88,\"commentCount\":0,\"image\":{\"@id\":\"https:\\\/\\\/97irratia.info\\\/2026\\\/04\\\/02\\\/recuerdo-a-ross-the-boss-y-visita-de-rober-de-ruta-8\\\/#primaryimage\"},\"thumbnailUrl\":\"https:\\\/\\\/97irratia.info\\\/wp-content\\\/uploads\\\/2026\\\/03\\\/rosstheboss_ruta8-211x300.jpg\",\"articleSection\":[\"Programas\"],\"inLanguage\":\"es\",\"potentialAction\":[{\"@type\":\"CommentAction\",\"name\":\"Comment\",\"target\":[\"https:\\\/\\\/97irratia.info\\\/2026\\\/04\\\/02\\\/recuerdo-a-ross-the-boss-y-visita-de-rober-de-ruta-8\\\/#respond\"]}]},{\"@type\":\"WebPage\",\"@id\":\"https:\\\/\\\/97irratia.info\\\/2026\\\/04\\\/02\\\/recuerdo-a-ross-the-boss-y-visita-de-rober-de-ruta-8\\\/\",\"url\":\"https:\\\/\\\/97irratia.info\\\/2026\\\/04\\\/02\\\/recuerdo-a-ross-the-boss-y-visita-de-rober-de-ruta-8\\\/\",\"name\":\"Recuerdo a Ross The Boss y visita de Rober de Ruta 8 - 97 Irratia\",\"isPartOf\":{\"@id\":\"https:\\\/\\\/97irratia.info\\\/#website\"},\"primaryImageOfPage\":{\"@id\":\"https:\\\/\\\/97irratia.info\\\/2026\\\/04\\\/02\\\/recuerdo-a-ross-the-boss-y-visita-de-rober-de-ruta-8\\\/#primaryimage\"},\"image\":{\"@id\":\"https:\\\/\\\/97irratia.info\\\/2026\\\/04\\\/02\\\/recuerdo-a-ross-the-boss-y-visita-de-rober-de-ruta-8\\\/#primaryimage\"},\"thumbnailUrl\":\"https:\\\/\\\/97irratia.info\\\/wp-content\\\/uploads\\\/2026\\\/03\\\/rosstheboss_ruta8-211x300.jpg\",\"datePublished\":\"2026-04-02T06:34:10+00:00\",\"dateModified\":\"2026-04-02T06:34:11+00:00\",\"author\":{\"@id\":\"https:\\\/\\\/97irratia.info\\\/#\\\/schema\\\/person\\\/2a5d32d9571545c0de28295436e1df03\"},\"breadcrumb\":{\"@id\":\"https:\\\/\\\/97irratia.info\\\/2026\\\/04\\\/02\\\/recuerdo-a-ross-the-boss-y-visita-de-rober-de-ruta-8\\\/#breadcrumb\"},\"inLanguage\":\"es\",\"potentialAction\":[{\"@type\":\"ReadAction\",\"target\":[\"https:\\\/\\\/97irratia.info\\\/2026\\\/04\\\/02\\\/recuerdo-a-ross-the-boss-y-visita-de-rober-de-ruta-8\\\/\"]}]},{\"@type\":\"ImageObject\",\"inLanguage\":\"es\",\"@id\":\"https:\\\/\\\/97irratia.info\\\/2026\\\/04\\\/02\\\/recuerdo-a-ross-the-boss-y-visita-de-rober-de-ruta-8\\\/#primaryimage\",\"url\":\"https:\\\/\\\/97irratia.info\\\/wp-content\\\/uploads\\\/2026\\\/03\\\/rosstheboss_ruta8-211x300.jpg\",\"contentUrl\":\"https:\\\/\\\/97irratia.info\\\/wp-content\\\/uploads\\\/2026\\\/03\\\/rosstheboss_ruta8-211x300.jpg\"},{\"@type\":\"BreadcrumbList\",\"@id\":\"https:\\\/\\\/97irratia.info\\\/2026\\\/04\\\/02\\\/recuerdo-a-ross-the-boss-y-visita-de-rober-de-ruta-8\\\/#breadcrumb\",\"itemListElement\":[{\"@type\":\"ListItem\",\"position\":1,\"name\":\"Home\",\"item\":\"https:\\\/\\\/97irratia.info\\\/\"},{\"@type\":\"ListItem\",\"position\":2,\"name\":\"Recuerdo a Ross The Boss y visita de Rober de Ruta 8\"}]},{\"@type\":\"WebSite\",\"@id\":\"https:\\\/\\\/97irratia.info\\\/#website\",\"url\":\"https:\\\/\\\/97irratia.info\\\/\",\"name\":\"97 Irratia\",\"description\":\"La radio que sue\u00f1a\",\"potentialAction\":[{\"@type\":\"SearchAction\",\"target\":{\"@type\":\"EntryPoint\",\"urlTemplate\":\"https:\\\/\\\/97irratia.info\\\/?s={search_term_string}\"},\"query-input\":{\"@type\":\"PropertyValueSpecification\",\"valueRequired\":true,\"valueName\":\"search_term_string\"}}],\"inLanguage\":\"es\"},{\"@type\":\"Person\",\"@id\":\"https:\\\/\\\/97irratia.info\\\/#\\\/schema\\\/person\\\/2a5d32d9571545c0de28295436e1df03\",\"name\":\"La mirada negra\",\"image\":{\"@type\":\"ImageObject\",\"inLanguage\":\"es\",\"@id\":\"https:\\\/\\\/97irratia.info\\\/wp-content\\\/uploads\\\/2015\\\/03\\\/la_mirada_negra_96x96-96x96.png\",\"url\":\"https:\\\/\\\/97irratia.info\\\/wp-content\\\/uploads\\\/2015\\\/03\\\/la_mirada_negra_96x96-96x96.png\",\"contentUrl\":\"https:\\\/\\\/97irratia.info\\\/wp-content\\\/uploads\\\/2015\\\/03\\\/la_mirada_negra_96x96-96x96.png\",\"caption\":\"La mirada negra\"},\"description\":\"La Mirada Negra da cabida a toda la actualidad del rock y el metal, incluyendo entrevistas a grupos con nuevos lanzamientos, ya sean noveles o consagrados, pinchando gran cantidad de novedades discogr\u00e1ficas y dando cobertura a conciertos, festivales y a cualquier evento relacionado con nuestra m\u00fasica. Esto no excluye el recuerdo a cualquier grupo que haya dejado su huella en la historia del rock con grandes discos cl\u00e1sicos\",\"url\":\"https:\\\/\\\/97irratia.info\\\/es\\\/author\\\/lamiradanegra\\\/\"}]}<\/script>\n<!-- \/ Yoast SEO plugin. -->","yoast_head_json":{"title":"Recuerdo a Ross The Boss y visita de Rober de Ruta 8 - 97 Irratia","robots":{"index":"index","follow":"follow","max-snippet":"max-snippet:-1","max-image-preview":"max-image-preview:large","max-video-preview":"max-video-preview:-1"},"canonical":"https:\/\/97irratia.info\/2026\/04\/02\/recuerdo-a-ross-the-boss-y-visita-de-rober-de-ruta-8\/","og_locale":"es_ES","og_type":"article","og_title":"Recuerdo a Ross The Boss y visita de Rober de Ruta 8 - 97 Irratia","og_description":"Contamos con Roberto, vocalista de Ruta 8, como invitado especial y colaborador a lo largo de todo el programa. Nos presenta en primicia lo nuevo de su banda. Fran nos ofreci\u00f3 otro nuevo Caf\u00e9 con Fran en un programa en el que rendimos un peque\u00f1o homenaje a Ross The Boss, hacemos cr\u00f3nica de Airbourne en...","og_url":"https:\/\/97irratia.info\/2026\/04\/02\/recuerdo-a-ross-the-boss-y-visita-de-rober-de-ruta-8\/","og_site_name":"97 Irratia","article_publisher":"https:\/\/www.facebook.com\/laurogeitahamazazpi.irratia","article_published_time":"2026-04-02T06:34:10+00:00","article_modified_time":"2026-04-02T06:34:11+00:00","og_image":[{"width":704,"height":1000,"url":"https:\/\/97irratia.info\/wp-content\/uploads\/2026\/03\/rosstheboss_ruta8.jpg","type":"image\/jpeg"}],"author":"La mirada negra","twitter_card":"summary_large_image","twitter_misc":{"Escrito por":"La mirada negra","Tiempo de lectura":"1 minuto"},"schema":{"@context":"https:\/\/schema.org","@graph":[{"@type":"Article","@id":"https:\/\/97irratia.info\/2026\/04\/02\/recuerdo-a-ross-the-boss-y-visita-de-rober-de-ruta-8\/#article","isPartOf":{"@id":"https:\/\/97irratia.info\/2026\/04\/02\/recuerdo-a-ross-the-boss-y-visita-de-rober-de-ruta-8\/"},"author":{"name":"La mirada negra","@id":"https:\/\/97irratia.info\/#\/schema\/person\/2a5d32d9571545c0de28295436e1df03"},"headline":"Recuerdo a Ross The Boss y visita de Rober de Ruta 8","datePublished":"2026-04-02T06:34:10+00:00","dateModified":"2026-04-02T06:34:11+00:00","mainEntityOfPage":{"@id":"https:\/\/97irratia.info\/2026\/04\/02\/recuerdo-a-ross-the-boss-y-visita-de-rober-de-ruta-8\/"},"wordCount":88,"commentCount":0,"image":{"@id":"https:\/\/97irratia.info\/2026\/04\/02\/recuerdo-a-ross-the-boss-y-visita-de-rober-de-ruta-8\/#primaryimage"},"thumbnailUrl":"https:\/\/97irratia.info\/wp-content\/uploads\/2026\/03\/rosstheboss_ruta8-211x300.jpg","articleSection":["Programas"],"inLanguage":"es","potentialAction":[{"@type":"CommentAction","name":"Comment","target":["https:\/\/97irratia.info\/2026\/04\/02\/recuerdo-a-ross-the-boss-y-visita-de-rober-de-ruta-8\/#respond"]}]},{"@type":"WebPage","@id":"https:\/\/97irratia.info\/2026\/04\/02\/recuerdo-a-ross-the-boss-y-visita-de-rober-de-ruta-8\/","url":"https:\/\/97irratia.info\/2026\/04\/02\/recuerdo-a-ross-the-boss-y-visita-de-rober-de-ruta-8\/","name":"Recuerdo a Ross The Boss y visita de Rober de Ruta 8 - 97 Irratia","isPartOf":{"@id":"https:\/\/97irratia.info\/#website"},"primaryImageOfPage":{"@id":"https:\/\/97irratia.info\/2026\/04\/02\/recuerdo-a-ross-the-boss-y-visita-de-rober-de-ruta-8\/#primaryimage"},"image":{"@id":"https:\/\/97irratia.info\/2026\/04\/02\/recuerdo-a-ross-the-boss-y-visita-de-rober-de-ruta-8\/#primaryimage"},"thumbnailUrl":"https:\/\/97irratia.info\/wp-content\/uploads\/2026\/03\/rosstheboss_ruta8-211x300.jpg","datePublished":"2026-04-02T06:34:10+00:00","dateModified":"2026-04-02T06:34:11+00:00","author":{"@id":"https:\/\/97irratia.info\/#\/schema\/person\/2a5d32d9571545c0de28295436e1df03"},"breadcrumb":{"@id":"https:\/\/97irratia.info\/2026\/04\/02\/recuerdo-a-ross-the-boss-y-visita-de-rober-de-ruta-8\/#breadcrumb"},"inLanguage":"es","potentialAction":[{"@type":"ReadAction","target":["https:\/\/97irratia.info\/2026\/04\/02\/recuerdo-a-ross-the-boss-y-visita-de-rober-de-ruta-8\/"]}]},{"@type":"ImageObject","inLanguage":"es","@id":"https:\/\/97irratia.info\/2026\/04\/02\/recuerdo-a-ross-the-boss-y-visita-de-rober-de-ruta-8\/#primaryimage","url":"https:\/\/97irratia.info\/wp-content\/uploads\/2026\/03\/rosstheboss_ruta8-211x300.jpg","contentUrl":"https:\/\/97irratia.info\/wp-content\/uploads\/2026\/03\/rosstheboss_ruta8-211x300.jpg"},{"@type":"BreadcrumbList","@id":"https:\/\/97irratia.info\/2026\/04\/02\/recuerdo-a-ross-the-boss-y-visita-de-rober-de-ruta-8\/#breadcrumb","itemListElement":[{"@type":"ListItem","position":1,"name":"Home","item":"https:\/\/97irratia.info\/"},{"@type":"ListItem","position":2,"name":"Recuerdo a Ross The Boss y visita de Rober de Ruta 8"}]},{"@type":"WebSite","@id":"https:\/\/97irratia.info\/#website","url":"https:\/\/97irratia.info\/","name":"97 Irratia","description":"La radio que sue\u00f1a","potentialAction":[{"@type":"SearchAction","target":{"@type":"EntryPoint","urlTemplate":"https:\/\/97irratia.info\/?s={search_term_string}"},"query-input":{"@type":"PropertyValueSpecification","valueRequired":true,"valueName":"search_term_string"}}],"inLanguage":"es"},{"@type":"Person","@id":"https:\/\/97irratia.info\/#\/schema\/person\/2a5d32d9571545c0de28295436e1df03","name":"La mirada negra","image":{"@type":"ImageObject","inLanguage":"es","@id":"https:\/\/97irratia.info\/wp-content\/uploads\/2015\/03\/la_mirada_negra_96x96-96x96.png","url":"https:\/\/97irratia.info\/wp-content\/uploads\/2015\/03\/la_mirada_negra_96x96-96x96.png","contentUrl":"https:\/\/97irratia.info\/wp-content\/uploads\/2015\/03\/la_mirada_negra_96x96-96x96.png","caption":"La mirada negra"},"description":"La Mirada Negra da cabida a toda la actualidad del rock y el metal, incluyendo entrevistas a grupos con nuevos lanzamientos, ya sean noveles o consagrados, pinchando gran cantidad de novedades discogr\u00e1ficas y dando cobertura a conciertos, festivales y a cualquier evento relacionado con nuestra m\u00fasica. Esto no excluye el recuerdo a cualquier grupo que haya dejado su huella en la historia del rock con grandes discos cl\u00e1sicos","url":"https:\/\/97irratia.info\/es\/author\/lamiradanegra\/"}]}},"_links":{"self":[{"href":"https:\/\/97irratia.info\/wp-json\/wp\/v2\/posts\/36188","targetHints":{"allow":["GET"]}}],"collection":[{"href":"https:\/\/97irratia.info\/wp-json\/wp\/v2\/posts"}],"about":[{"href":"https:\/\/97irratia.info\/wp-json\/wp\/v2\/types\/post"}],"author":[{"embeddable":true,"href":"https:\/\/97irratia.info\/wp-json\/wp\/v2\/users\/1553"}],"replies":[{"embeddable":true,"href":"https:\/\/97irratia.info\/wp-json\/wp\/v2\/comments?post=36188"}],"version-history":[{"count":3,"href":"https:\/\/97irratia.info\/wp-json\/wp\/v2\/posts\/36188\/revisions"}],"predecessor-version":[{"id":36225,"href":"https:\/\/97irratia.info\/wp-json\/wp\/v2\/posts\/36188\/revisions\/36225"}],"wp:attachment":[{"href":"https:\/\/97irratia.info\/wp-json\/wp\/v2\/media?parent=36188"}],"wp:term":[{"taxonomy":"category","embeddable":true,"href":"https:\/\/97irratia.info\/wp-json\/wp\/v2\/categories?post=36188"},{"taxonomy":"post_tag","embeddable":true,"href":"https:\/\/97irratia.info\/wp-json\/wp\/v2\/tags?post=36188"}],"curies":[{"name":"wp","href":"https:\/\/api.w.org\/{rel}","templated":true}]}}